{"id":862,"date":"2012-11-30T08:15:26","date_gmt":"2012-11-30T08:15:26","guid":{"rendered":"http:\/\/www.larazcaman.com\/fr\/?p=862"},"modified":"2016-05-25T10:55:14","modified_gmt":"2016-05-25T10:55:14","slug":"chateau-la-raz-caman-blanc-dans-le-guide-hubert-des-vins","status":"publish","type":"post","link":"https:\/\/www.larazcaman.com\/fr\/?p=862","title":{"rendered":"Citations 2013 pour le Ch\u00e2teau La Raz Caman Blanc"},"content":{"rendered":"<p><a href=\"https:\/\/www.larazcaman.com\/fr\/?attachment_id=864\" rel=\"attachment wp-att-864\"><img loading=\"lazy\" decoding=\"async\" class=\"wp-image-864 alignleft\" style=\"border: 0px none;\" title=\"guide_hubert_logo\" src=\"https:\/\/www.larazcaman.com\/fr\/wp-content\/images\/guide_hubert_logo.jpg\" alt=\"\" width=\"193\" height=\"193\" \/><\/a><\/p>\n<p>&nbsp;<\/p>\n<p>&nbsp;<\/p>\n<p>&nbsp;<\/p>\n<p>&nbsp;<\/p>\n<p><a href=\"https:\/\/www.larazcaman.com\/fr\/?attachment_id=863\" rel=\"attachment wp-att-863\"><img loading=\"lazy\" decoding=\"async\" class=\" wp-image-863 alignleft\" style=\"border: 0px none;\" title=\"verre\" src=\"https:\/\/www.larazcaman.com\/fr\/wp-content\/images\/verre35.gif\" alt=\"\" width=\"38\" height=\"14\" \/><\/a><\/p>\n<p><strong>Ch\u00e2teau La Raz Caman Blanc 2011<\/strong><br \/>\nRobe jaune d\u2019or vert, nez \u00e9panoui de fruits blancs et exotiques tr\u00e8s m\u00fbrs, th\u00e9 vert et \u00e9pices douces, bouche tr\u00e8s aromatique, tonique et g\u00e9n\u00e9reuse \u00e0 la fois.<\/p>\n<p>&nbsp;<\/p>\n<p>&nbsp;<\/p>\n<p>&nbsp;<\/p>\n<p>&nbsp;<\/p>\n<p><a href=\"https:\/\/www.larazcaman.com\/fr\/?attachment_id=910\" rel=\"attachment wp-att-910\"><img loading=\"lazy\" decoding=\"async\" class=\" wp-image-910 alignleft\" title=\"Guide_Hachette_2013\" src=\"https:\/\/www.larazcaman.com\/fr\/wp-content\/images\/Guide_Hachette_2013.jpg\" alt=\"\" width=\"147\" height=\"232\" \/><\/a><\/p>\n<p>&nbsp;<\/p>\n<p>&nbsp;<\/p>\n<p><strong>Ch\u00e2teau La Raz Caman Blanc 2011 *<\/strong><\/p>\n<p>Le blanc 2011, un pur sauvignon frais et fruit\u00e9, fait jeu \u00e9gal avec le Ch\u00e2teau La Raz Caman 2009 Rouge.<\/p>\n","protected":false},"excerpt":{"rendered":"<p>&nbsp; &nbsp; &nbsp; &nbsp; Ch\u00e2teau La Raz Caman Blanc 2011 Robe jaune d\u2019or vert, nez \u00e9panoui de fruits blancs et exotiques tr\u00e8s m\u00fbrs, th\u00e9 vert et \u00e9pices douces, bouche tr\u00e8s aromatique, tonique et g\u00e9n\u00e9reuse \u00e0 la fois. &nbsp; &nbsp; &nbsp; &nbsp; &nbsp; &nbsp; Ch\u00e2teau La Raz Caman Blanc 2011 * Le blanc 2011, un pur [&hellip;]<\/p>\n <a class=\"more-link\" href=\"https:\/\/www.larazcaman.com\/fr\/?p=862\">Keep reading<\/a>","protected":false},"author":1,"featured_media":0,"comment_status":"closed","ping_status":"open","sticky":false,"template":"","format":"standard","meta":{"ngg_post_thumbnail":0,"footnotes":""},"categories":[17],"tags":[],"aioseo_notices":[],"_links":{"self":[{"href":"https:\/\/www.larazcaman.com\/fr\/index.php?rest_route=\/wp\/v2\/posts\/862"}],"collection":[{"href":"https:\/\/www.larazcaman.com\/fr\/index.php?rest_route=\/wp\/v2\/posts"}],"about":[{"href":"https:\/\/www.larazcaman.com\/fr\/index.php?rest_route=\/wp\/v2\/types\/post"}],"author":[{"embeddable":true,"href":"https:\/\/www.larazcaman.com\/fr\/index.php?rest_route=\/wp\/v2\/users\/1"}],"replies":[{"embeddable":true,"href":"https:\/\/www.larazcaman.com\/fr\/index.php?rest_route=%2Fwp%2Fv2%2Fcomments&post=862"}],"version-history":[{"count":0,"href":"https:\/\/www.larazcaman.com\/fr\/index.php?rest_route=\/wp\/v2\/posts\/862\/revisions"}],"wp:attachment":[{"href":"https:\/\/www.larazcaman.com\/fr\/index.php?rest_route=%2Fwp%2Fv2%2Fmedia&parent=862"}],"wp:term":[{"taxonomy":"category","embeddable":true,"href":"https:\/\/www.larazcaman.com\/fr\/index.php?rest_route=%2Fwp%2Fv2%2Fcategories&post=862"},{"taxonomy":"post_tag","embeddable":true,"href":"https:\/\/www.larazcaman.com\/fr\/index.php?rest_route=%2Fwp%2Fv2%2Ftags&post=862"}],"curies":[{"name":"wp","href":"https:\/\/api.w.org\/{rel}","templated":true}]}}