{"id":504,"date":"2011-11-03T11:28:26","date_gmt":"2011-11-03T11:28:26","guid":{"rendered":"http:\/\/www.larazcaman.com\/wordpress\/?p=504"},"modified":"2016-02-06T16:40:40","modified_gmt":"2016-02-06T16:40:40","slug":"les-vignerons-des-cotes-a-la-fete-a-hong-kong","status":"publish","type":"post","link":"https:\/\/www.larazcaman.com\/fr\/?p=504","title":{"rendered":"Les vignerons des c\u00f4tes \u00e0 la f\u00eate \u00e0 Hong Kong"},"content":{"rendered":"<h4><span style=\"color: #333333;\">Le march\u00e9 asiatique rassure les vignerons du Bourgeais et du Blayais.<\/span><\/h4>\n<p style=\"text-align: center;\"><span style=\"color: #333333;\"><a href=\"https:\/\/www.larazcaman.com\/fr\/?attachment_id=507\" rel=\"attachment wp-att-507\"><span style=\"color: #333333;\"><img loading=\"lazy\" decoding=\"async\" class=\"aligncenter  wp-image-507\" style=\"border: 0pt none;\" title=\"100_2595\" src=\"https:\/\/www.larazcaman.com\/fr\/wp-content\/images\/100_2595-1024x682.jpg\" alt=\"\" width=\"553\" height=\"368\" srcset=\"https:\/\/www.larazcaman.com\/fr\/wp-content\/images\/100_2595-1024x682.jpg 1024w, https:\/\/www.larazcaman.com\/fr\/wp-content\/images\/100_2595-300x199.jpg 300w, https:\/\/www.larazcaman.com\/fr\/wp-content\/images\/100_2595.jpg 2032w\" sizes=\"(max-width: 553px) 100vw, 553px\" \/><\/span><\/a><\/span><\/p>\n<p><span style=\"color: #333333;\">Les Blayais \u00e0 Hong Kong, de gauche \u00e0 droite : Cyril No\u00ebl (ch\u00e2teau Tour Saint-Germain), Franck Jullion (Grillet Beaus\u00e9jour), <strong>Rapha\u00ebl Pommeraud (La Raz Caman)<\/strong>, Jean Lissague et J\u00e9r\u00f4me Bonaccorsi (La Rivalerie). photo \u00ab so \u00bb<\/span><\/p>\n<p>&nbsp;<\/p>\n<blockquote><p><span style=\"color: #000000;\">M\u00eame Montaigne y perdrait son latin. Car si les voyages forment la jeunesse, les responsables viticoles des C\u00f4tes de Bourg et des Blaye C\u00f4tes de Bordeaux sont en route vers l&rsquo;\u00e9ternelle jeunesse !<\/span><\/p><\/blockquote>\n<p style=\"text-align: right;\">Sud-Ouest, Jeudi 3 Novembre 2011.<\/p>\n<p>&nbsp;<\/p>\n<p><span style=\"color: #333333;\"><strong>En savoir plus :<\/strong> <\/span><\/p>\n<p><a href=\"http:\/\/www.sudouest.fr\/2011\/11\/03\/les-vignerons-des-cotes-a-la-fete-a-hong-kong-543539-3230.php\">http:\/\/www.sudouest.fr\/2011\/11\/03\/les-vignerons-des-cotes-a-la-fete-a-hong-kong-543539-3230.php<\/a><\/p>\n","protected":false},"excerpt":{"rendered":"<p>Le march\u00e9 asiatique rassure les vignerons du Bourgeais et du Blayais. Les Blayais \u00e0 Hong Kong, de gauche \u00e0 droite : Cyril No\u00ebl (ch\u00e2teau Tour Saint-Germain), Franck Jullion (Grillet Beaus\u00e9jour), Rapha\u00ebl Pommeraud (La Raz Caman), Jean Lissague et J\u00e9r\u00f4me Bonaccorsi (La Rivalerie). photo \u00ab so \u00bb &nbsp; M\u00eame Montaigne y perdrait son latin. Car si [&hellip;]<\/p>\n <a class=\"more-link\" href=\"https:\/\/www.larazcaman.com\/fr\/?p=504\">Keep reading<\/a>","protected":false},"author":1,"featured_media":0,"comment_status":"closed","ping_status":"open","sticky":false,"template":"","format":"standard","meta":{"ngg_post_thumbnail":0,"footnotes":""},"categories":[15],"tags":[],"aioseo_notices":[],"_links":{"self":[{"href":"https:\/\/www.larazcaman.com\/fr\/index.php?rest_route=\/wp\/v2\/posts\/504"}],"collection":[{"href":"https:\/\/www.larazcaman.com\/fr\/index.php?rest_route=\/wp\/v2\/posts"}],"about":[{"href":"https:\/\/www.larazcaman.com\/fr\/index.php?rest_route=\/wp\/v2\/types\/post"}],"author":[{"embeddable":true,"href":"https:\/\/www.larazcaman.com\/fr\/index.php?rest_route=\/wp\/v2\/users\/1"}],"replies":[{"embeddable":true,"href":"https:\/\/www.larazcaman.com\/fr\/index.php?rest_route=%2Fwp%2Fv2%2Fcomments&post=504"}],"version-history":[{"count":0,"href":"https:\/\/www.larazcaman.com\/fr\/index.php?rest_route=\/wp\/v2\/posts\/504\/revisions"}],"wp:attachment":[{"href":"https:\/\/www.larazcaman.com\/fr\/index.php?rest_route=%2Fwp%2Fv2%2Fmedia&parent=504"}],"wp:term":[{"taxonomy":"category","embeddable":true,"href":"https:\/\/www.larazcaman.com\/fr\/index.php?rest_route=%2Fwp%2Fv2%2Fcategories&post=504"},{"taxonomy":"post_tag","embeddable":true,"href":"https:\/\/www.larazcaman.com\/fr\/index.php?rest_route=%2Fwp%2Fv2%2Ftags&post=504"}],"curies":[{"name":"wp","href":"https:\/\/api.w.org\/{rel}","templated":true}]}}